{"id":7167,"date":"2025-05-27T07:12:04","date_gmt":"2025-05-27T07:12:04","guid":{"rendered":"https:\/\/www.oltreplinio.it\/plinio-il-vecchio-la-natura-e-noi-iii-ammirare-la-natura\/"},"modified":"2025-05-27T07:12:04","modified_gmt":"2025-05-27T07:12:04","slug":"plinio-il-vecchio-la-natura-e-noi-iii-ammirare-la-natura","status":"publish","type":"post","link":"https:\/\/www.oltreplinio.it\/it\/plinio-il-vecchio-la-natura-e-noi-iii-ammirare-la-natura\/","title":{"rendered":"Ammirare la natura"},"content":{"rendered":"<h1><strong><em>Ammirare la natura<\/em><\/strong><\/h1>\n<h2><strong>Menaggio, Villa Vigoni, 26-29 maggio 2025<\/strong><\/h2>\n<p>&nbsp;<\/p>\n<h4>Il ciclo di conferenze\u00a0<em>Plinio il Vecchio, la natura e noi<\/em>\u00a0celebra Plinio e la\u00a0<em>Naturalis historia<\/em>,\u00a0<em>summa\u00a0<\/em>del sapere antico sulla natura, restituita attraverso il personale sguardo dell\u2019autore. Dopo l\u2019incontro\u00a0<em>Trasmettere la natura\u00a0<\/em>(2023), dedicato alla multiforme concezione della natura pliniana, e\u00a0<em>Preservare la natura<\/em>\u00a0(2024), incentrato sul rapporto critico tra uomo e natura ma anche sulla necessit\u00e0 di trasmettere la conoscenza del mondo naturale, la conferenza\u00a0<em>Ammirare la natura<\/em>\u00a0(2025) si concentrer\u00e0 sul legame tra arte e natura come paradigma estetico.<\/h4>\n<h4>Evento nell\u2019ambito del bando italo-franco-tedesco (Deutsche Forschungsgemeinschaft \u2013 Fondation Maison des Sciences de l\u2019Homme \u2013 Villa Vigoni)<\/h4>\n<h4><strong>Coordinamento<\/strong><\/h4>\n<h4>Prof. Gianfranco Adornato, Scuola Normale Superiore, Pisa; Prof. Val\u00e9rie Naas, Sorbonne Universit\u00e9, Paris; Prof. Dr. Anja Wolkenhauer, T\u00fcbingen<\/h4>\n<h4><strong><a href=\"https:\/\/www.villavigoni.eu\">Villa Vigoni website<\/a><\/strong><\/h4>\n<h4><a href=\"http:\/\/www.oltreplinio.it\/app\/uploads\/2025\/05\/2_Programme-Villa-Vigoni-2025_Definitivo.pdf\"><strong>Programma<\/strong><\/a><\/h4>\n<h4><strong>Eventi Correlati<\/strong><\/h4>\n<ul>\n<li>\n<h4><a href=\"https:\/\/www.villavigoni.eu\/event\/plinio-il-vecchio-la-natura-e-noi-i\/\">Plinio il Vecchio, la natura e noi (I)<\/a><\/h4>\n<\/li>\n<li>\n<h4><a href=\"https:\/\/www.villavigoni.eu\/event\/plinio-il-vecchio-la-natura-e-noi-ii\/\">Plinio il Vecchio, la natura e noi (II)<\/a><\/h4>\n<\/li>\n<\/ul>\n<h3><\/h3>\n","protected":false},"excerpt":{"rendered":"<p>Menaggio, Villa Vigoni, 26-29 maggio 2025<\/p>\n","protected":false},"author":5,"featured_media":7155,"comment_status":"closed","ping_status":"open","sticky":false,"template":"","format":"standard","meta":{"_et_pb_use_builder":"","_et_pb_old_content":"","_et_gb_content_width":""},"categories":[13],"tags":[],"yoast_head":"<!-- This site is optimized with the Yoast SEO plugin v20.13 - https:\/\/yoast.com\/wordpress\/plugins\/seo\/ -->\n<title>Ammirare la natura - Oltre Plinio<\/title>\n<meta name=\"robots\" content=\"index, follow, max-snippet:-1, max-image-preview:large, max-video-preview:-1\" \/>\n<link rel=\"canonical\" href=\"https:\/\/www.oltreplinio.it\/it\/plinio-il-vecchio-la-natura-e-noi-iii-ammirare-la-natura\/\" \/>\n<meta property=\"og:locale\" content=\"it_IT\" \/>\n<meta property=\"og:type\" content=\"article\" \/>\n<meta property=\"og:title\" content=\"Ammirare la natura - Oltre Plinio\" \/>\n<meta property=\"og:description\" content=\"Menaggio, Villa Vigoni, 26-29 maggio 2025\" \/>\n<meta property=\"og:url\" content=\"https:\/\/www.oltreplinio.it\/it\/plinio-il-vecchio-la-natura-e-noi-iii-ammirare-la-natura\/\" \/>\n<meta property=\"og:site_name\" content=\"Oltre Plinio\" \/>\n<meta property=\"article:published_time\" content=\"2025-05-27T07:12:04+00:00\" \/>\n<meta property=\"og:image\" content=\"https:\/\/www.oltreplinio.it\/app\/uploads\/2015\/12\/cropped-logo-contracted-e1494534743360.png\" \/>\n<meta name=\"author\" content=\"Eva Falaschi\" \/>\n<meta name=\"twitter:card\" content=\"summary_large_image\" \/>\n<meta name=\"twitter:label1\" content=\"Written by\" \/>\n\t<meta name=\"twitter:data1\" content=\"Eva Falaschi\" \/>\n\t<meta name=\"twitter:label2\" content=\"Est. reading time\" \/>\n\t<meta name=\"twitter:data2\" content=\"1 minute\" \/>\n<script type=\"application\/ld+json\" class=\"yoast-schema-graph\">{\"@context\":\"https:\/\/schema.org\",\"@graph\":[{\"@type\":\"Article\",\"@id\":\"https:\/\/www.oltreplinio.it\/it\/plinio-il-vecchio-la-natura-e-noi-iii-ammirare-la-natura\/#article\",\"isPartOf\":{\"@id\":\"https:\/\/www.oltreplinio.it\/it\/plinio-il-vecchio-la-natura-e-noi-iii-ammirare-la-natura\/\"},\"author\":{\"name\":\"Eva Falaschi\",\"@id\":\"http:\/\/www.oltreplinio.it\/#\/schema\/person\/c2e65429b01a2ff96a50e5d29c008181\"},\"headline\":\"Ammirare la natura\",\"datePublished\":\"2025-05-27T07:12:04+00:00\",\"dateModified\":\"2025-05-27T07:12:04+00:00\",\"mainEntityOfPage\":{\"@id\":\"https:\/\/www.oltreplinio.it\/it\/plinio-il-vecchio-la-natura-e-noi-iii-ammirare-la-natura\/\"},\"wordCount\":154,\"publisher\":{\"@id\":\"http:\/\/www.oltreplinio.it\/#organization\"},\"articleSection\":[\"eventi\"],\"inLanguage\":\"it-IT\"},{\"@type\":\"WebPage\",\"@id\":\"https:\/\/www.oltreplinio.it\/it\/plinio-il-vecchio-la-natura-e-noi-iii-ammirare-la-natura\/\",\"url\":\"https:\/\/www.oltreplinio.it\/it\/plinio-il-vecchio-la-natura-e-noi-iii-ammirare-la-natura\/\",\"name\":\"Ammirare la natura - Oltre Plinio\",\"isPartOf\":{\"@id\":\"http:\/\/www.oltreplinio.it\/#website\"},\"datePublished\":\"2025-05-27T07:12:04+00:00\",\"dateModified\":\"2025-05-27T07:12:04+00:00\",\"breadcrumb\":{\"@id\":\"https:\/\/www.oltreplinio.it\/it\/plinio-il-vecchio-la-natura-e-noi-iii-ammirare-la-natura\/#breadcrumb\"},\"inLanguage\":\"it-IT\",\"potentialAction\":[{\"@type\":\"ReadAction\",\"target\":[\"https:\/\/www.oltreplinio.it\/it\/plinio-il-vecchio-la-natura-e-noi-iii-ammirare-la-natura\/\"]}]},{\"@type\":\"BreadcrumbList\",\"@id\":\"https:\/\/www.oltreplinio.it\/it\/plinio-il-vecchio-la-natura-e-noi-iii-ammirare-la-natura\/#breadcrumb\",\"itemListElement\":[{\"@type\":\"ListItem\",\"position\":1,\"name\":\"Home\",\"item\":\"https:\/\/www.oltreplinio.it\/it\/\"},{\"@type\":\"ListItem\",\"position\":2,\"name\":\"Ammirare la natura\"}]},{\"@type\":\"WebSite\",\"@id\":\"http:\/\/www.oltreplinio.it\/#website\",\"url\":\"http:\/\/www.oltreplinio.it\/\",\"name\":\"Oltre Plinio\",\"description\":\"\",\"publisher\":{\"@id\":\"http:\/\/www.oltreplinio.it\/#organization\"},\"potentialAction\":[{\"@type\":\"SearchAction\",\"target\":{\"@type\":\"EntryPoint\",\"urlTemplate\":\"http:\/\/www.oltreplinio.it\/?s={search_term_string}\"},\"query-input\":\"required name=search_term_string\"}],\"inLanguage\":\"it-IT\"},{\"@type\":\"Organization\",\"@id\":\"http:\/\/www.oltreplinio.it\/#organization\",\"name\":\"oltreplinio\",\"url\":\"http:\/\/www.oltreplinio.it\/\",\"logo\":{\"@type\":\"ImageObject\",\"inLanguage\":\"it-IT\",\"@id\":\"http:\/\/www.oltreplinio.it\/#\/schema\/logo\/image\/\",\"url\":\"https:\/\/www.oltreplinio.it\/app\/uploads\/2015\/12\/logo-contracted.png\",\"contentUrl\":\"https:\/\/www.oltreplinio.it\/app\/uploads\/2015\/12\/logo-contracted.png\",\"width\":201,\"height\":201,\"caption\":\"oltreplinio\"},\"image\":{\"@id\":\"http:\/\/www.oltreplinio.it\/#\/schema\/logo\/image\/\"}},{\"@type\":\"Person\",\"@id\":\"http:\/\/www.oltreplinio.it\/#\/schema\/person\/c2e65429b01a2ff96a50e5d29c008181\",\"name\":\"Eva Falaschi\",\"image\":{\"@type\":\"ImageObject\",\"inLanguage\":\"it-IT\",\"@id\":\"http:\/\/www.oltreplinio.it\/#\/schema\/person\/image\/\",\"url\":\"https:\/\/secure.gravatar.com\/avatar\/884194ab0d3ed72e986d1fc11ad7660b?s=96&d=mm&r=g\",\"contentUrl\":\"https:\/\/secure.gravatar.com\/avatar\/884194ab0d3ed72e986d1fc11ad7660b?s=96&d=mm&r=g\",\"caption\":\"Eva Falaschi\"},\"url\":\"https:\/\/www.oltreplinio.it\/it\/author\/eva-falaschi\/\"}]}<\/script>\n<!-- \/ Yoast SEO plugin. -->","yoast_head_json":{"title":"Ammirare la natura - Oltre Plinio","robots":{"index":"index","follow":"follow","max-snippet":"max-snippet:-1","max-image-preview":"max-image-preview:large","max-video-preview":"max-video-preview:-1"},"canonical":"https:\/\/www.oltreplinio.it\/it\/plinio-il-vecchio-la-natura-e-noi-iii-ammirare-la-natura\/","og_locale":"it_IT","og_type":"article","og_title":"Ammirare la natura - Oltre Plinio","og_description":"Menaggio, Villa Vigoni, 26-29 maggio 2025","og_url":"https:\/\/www.oltreplinio.it\/it\/plinio-il-vecchio-la-natura-e-noi-iii-ammirare-la-natura\/","og_site_name":"Oltre Plinio","article_published_time":"2025-05-27T07:12:04+00:00","og_image":[{"url":"https:\/\/www.oltreplinio.it\/app\/uploads\/2015\/12\/cropped-logo-contracted-e1494534743360.png"}],"author":"Eva Falaschi","twitter_card":"summary_large_image","twitter_misc":{"Written by":"Eva Falaschi","Est. reading time":"1 minute"},"schema":{"@context":"https:\/\/schema.org","@graph":[{"@type":"Article","@id":"https:\/\/www.oltreplinio.it\/it\/plinio-il-vecchio-la-natura-e-noi-iii-ammirare-la-natura\/#article","isPartOf":{"@id":"https:\/\/www.oltreplinio.it\/it\/plinio-il-vecchio-la-natura-e-noi-iii-ammirare-la-natura\/"},"author":{"name":"Eva Falaschi","@id":"http:\/\/www.oltreplinio.it\/#\/schema\/person\/c2e65429b01a2ff96a50e5d29c008181"},"headline":"Ammirare la natura","datePublished":"2025-05-27T07:12:04+00:00","dateModified":"2025-05-27T07:12:04+00:00","mainEntityOfPage":{"@id":"https:\/\/www.oltreplinio.it\/it\/plinio-il-vecchio-la-natura-e-noi-iii-ammirare-la-natura\/"},"wordCount":154,"publisher":{"@id":"http:\/\/www.oltreplinio.it\/#organization"},"articleSection":["eventi"],"inLanguage":"it-IT"},{"@type":"WebPage","@id":"https:\/\/www.oltreplinio.it\/it\/plinio-il-vecchio-la-natura-e-noi-iii-ammirare-la-natura\/","url":"https:\/\/www.oltreplinio.it\/it\/plinio-il-vecchio-la-natura-e-noi-iii-ammirare-la-natura\/","name":"Ammirare la natura - Oltre Plinio","isPartOf":{"@id":"http:\/\/www.oltreplinio.it\/#website"},"datePublished":"2025-05-27T07:12:04+00:00","dateModified":"2025-05-27T07:12:04+00:00","breadcrumb":{"@id":"https:\/\/www.oltreplinio.it\/it\/plinio-il-vecchio-la-natura-e-noi-iii-ammirare-la-natura\/#breadcrumb"},"inLanguage":"it-IT","potentialAction":[{"@type":"ReadAction","target":["https:\/\/www.oltreplinio.it\/it\/plinio-il-vecchio-la-natura-e-noi-iii-ammirare-la-natura\/"]}]},{"@type":"BreadcrumbList","@id":"https:\/\/www.oltreplinio.it\/it\/plinio-il-vecchio-la-natura-e-noi-iii-ammirare-la-natura\/#breadcrumb","itemListElement":[{"@type":"ListItem","position":1,"name":"Home","item":"https:\/\/www.oltreplinio.it\/it\/"},{"@type":"ListItem","position":2,"name":"Ammirare la natura"}]},{"@type":"WebSite","@id":"http:\/\/www.oltreplinio.it\/#website","url":"http:\/\/www.oltreplinio.it\/","name":"Oltre Plinio","description":"","publisher":{"@id":"http:\/\/www.oltreplinio.it\/#organization"},"potentialAction":[{"@type":"SearchAction","target":{"@type":"EntryPoint","urlTemplate":"http:\/\/www.oltreplinio.it\/?s={search_term_string}"},"query-input":"required name=search_term_string"}],"inLanguage":"it-IT"},{"@type":"Organization","@id":"http:\/\/www.oltreplinio.it\/#organization","name":"oltreplinio","url":"http:\/\/www.oltreplinio.it\/","logo":{"@type":"ImageObject","inLanguage":"it-IT","@id":"http:\/\/www.oltreplinio.it\/#\/schema\/logo\/image\/","url":"https:\/\/www.oltreplinio.it\/app\/uploads\/2015\/12\/logo-contracted.png","contentUrl":"https:\/\/www.oltreplinio.it\/app\/uploads\/2015\/12\/logo-contracted.png","width":201,"height":201,"caption":"oltreplinio"},"image":{"@id":"http:\/\/www.oltreplinio.it\/#\/schema\/logo\/image\/"}},{"@type":"Person","@id":"http:\/\/www.oltreplinio.it\/#\/schema\/person\/c2e65429b01a2ff96a50e5d29c008181","name":"Eva Falaschi","image":{"@type":"ImageObject","inLanguage":"it-IT","@id":"http:\/\/www.oltreplinio.it\/#\/schema\/person\/image\/","url":"https:\/\/secure.gravatar.com\/avatar\/884194ab0d3ed72e986d1fc11ad7660b?s=96&d=mm&r=g","contentUrl":"https:\/\/secure.gravatar.com\/avatar\/884194ab0d3ed72e986d1fc11ad7660b?s=96&d=mm&r=g","caption":"Eva Falaschi"},"url":"https:\/\/www.oltreplinio.it\/it\/author\/eva-falaschi\/"}]}},"_links":{"self":[{"href":"https:\/\/www.oltreplinio.it\/it\/wp-json\/wp\/v2\/posts\/7167"}],"collection":[{"href":"https:\/\/www.oltreplinio.it\/it\/wp-json\/wp\/v2\/posts"}],"about":[{"href":"https:\/\/www.oltreplinio.it\/it\/wp-json\/wp\/v2\/types\/post"}],"author":[{"embeddable":true,"href":"https:\/\/www.oltreplinio.it\/it\/wp-json\/wp\/v2\/users\/5"}],"replies":[{"embeddable":true,"href":"https:\/\/www.oltreplinio.it\/it\/wp-json\/wp\/v2\/comments?post=7167"}],"version-history":[{"count":0,"href":"https:\/\/www.oltreplinio.it\/it\/wp-json\/wp\/v2\/posts\/7167\/revisions"}],"wp:featuredmedia":[{"embeddable":true,"href":"https:\/\/www.oltreplinio.it\/it\/wp-json\/wp\/v2\/media\/7155"}],"wp:attachment":[{"href":"https:\/\/www.oltreplinio.it\/it\/wp-json\/wp\/v2\/media?parent=7167"}],"wp:term":[{"taxonomy":"category","embeddable":true,"href":"https:\/\/www.oltreplinio.it\/it\/wp-json\/wp\/v2\/categories?post=7167"},{"taxonomy":"post_tag","embeddable":true,"href":"https:\/\/www.oltreplinio.it\/it\/wp-json\/wp\/v2\/tags?post=7167"}],"curies":[{"name":"wp","href":"https:\/\/api.w.org\/{rel}","templated":true}]}}